{"id":59,"date":"2023-01-12T17:41:01","date_gmt":"2023-01-12T16:41:01","guid":{"rendered":"http:\/\/rotary-94.fr\/?p=59"},"modified":"2023-12-16T13:07:35","modified_gmt":"2023-12-16T12:07:35","slug":"59","status":"publish","type":"post","link":"https:\/\/rotary-94.fr\/index.php\/2023\/01\/12\/59\/","title":{"rendered":"Concert Jazz pour les autistes"},"content":{"rendered":"\n<h2 class=\"wp-block-heading\">Soir\u00e9e concert JAZZ le 18 f\u00e9vrier 2023 au NECC<\/h2>\n\n\n\n<figure class=\"wp-block-image size-medium is-resized is-style-default\"><a href=\"https:\/\/www.helloasso.com\/associations\/rotary-club-de-maisons-alfort-est-de-paris\/evenements\/soiree-jazz-pour-les-autistes-adolescents\" target=\"_blank\" rel=\"noreferrer noopener\"><img loading=\"lazy\" decoding=\"async\" src=\"https:\/\/rotary-94.fr\/wp-content\/uploads\/2023\/01\/Affiche-JAZZ-2-214x300.webp\" alt=\"\" class=\"wp-image-61\" width=\"54\" height=\"75\" srcset=\"https:\/\/rotary-94.fr\/wp-content\/uploads\/2023\/01\/Affiche-JAZZ-2-214x300.webp 214w, https:\/\/rotary-94.fr\/wp-content\/uploads\/2023\/01\/Affiche-JAZZ-2-731x1024.webp 731w, https:\/\/rotary-94.fr\/wp-content\/uploads\/2023\/01\/Affiche-JAZZ-2-768x1075.webp 768w, https:\/\/rotary-94.fr\/wp-content\/uploads\/2023\/01\/Affiche-JAZZ-2.webp 1049w\" sizes=\"auto, (max-width: 54px) 100vw, 54px\" \/><\/a><\/figure>\n\n\n\n<p class=\"has-text-align-center\">Votre <strong>ROTARY CLUB<\/strong> de MAISONS-ALFORT &#8211; Est de Paris organise <strong>une soir\u00e9e Jazz<\/strong><\/p>\n\n\n\n<p class=\"has-text-align-center\"><strong>avec le big band <a href=\"https:\/\/jazzissy.wordpress.com\/\" data-type=\"URL\" data-id=\"https:\/\/jazzissy.wordpress.com\/\" target=\"_blank\" rel=\"noreferrer noopener\">JAZZISSY<\/a><\/strong>, compos\u00e9 de tous ses 18 musiciens et de sa super chanteuse am\u00e9ricaine, jouera les standards pour le bonheur de tous.<\/p>\n\n\n\n<p class=\"has-text-align-center\">L&rsquo;int\u00e9gralit\u00e9 des b\u00e9n\u00e9fices de cette soir\u00e9e sera d\u00e9di\u00e9 \u00e0 l&rsquo;am\u00e9lioration des conditions de vie d&rsquo;autistes adolescents et de jeunes adultes autistes sur Maisons-Alfort.<\/p>\n\n\n\n<p class=\"has-text-align-center\">Attention nombres de places limit\u00e9s &#8211; inscrivez vous vite !!<\/p>\n\n\n\n<div class=\"wp-block-buttons is-layout-flex wp-block-buttons-is-layout-flex\">\n<div class=\"wp-block-button\"><a class=\"wp-block-button__link wp-element-button\" href=\"https:\/\/www.helloasso.com\/associations\/rotary-club-de-maisons-alfort-est-de-paris\/evenements\/soiree-jazz-pour-les-autistes-adolescents\" target=\"_blank\" rel=\"noreferrer noopener\">R\u00e9servation<\/a><\/div>\n<\/div>\n\n\n\n<p>plus d&rsquo;info sur L\u2019Orchestre <a rel=\"noreferrer noopener\" href=\"https:\/\/jazzissy.wordpress.com\/lorchestre\/\" data-type=\"URL\" data-id=\"https:\/\/jazzissy.wordpress.com\/lorchestre\/\" target=\"_blank\">JAZZISSY<\/a><\/p>\n\n\n\n<figure class=\"wp-block-image size-large\"><img loading=\"lazy\" decoding=\"async\" width=\"731\" height=\"1024\" src=\"https:\/\/rotary-94.fr\/wp-content\/uploads\/2023\/01\/Affiche-JAZZ-2-731x1024.webp\" alt=\"\" class=\"wp-image-61\" srcset=\"https:\/\/rotary-94.fr\/wp-content\/uploads\/2023\/01\/Affiche-JAZZ-2-731x1024.webp 731w, https:\/\/rotary-94.fr\/wp-content\/uploads\/2023\/01\/Affiche-JAZZ-2-214x300.webp 214w, https:\/\/rotary-94.fr\/wp-content\/uploads\/2023\/01\/Affiche-JAZZ-2-768x1075.webp 768w, https:\/\/rotary-94.fr\/wp-content\/uploads\/2023\/01\/Affiche-JAZZ-2.webp 1049w\" sizes=\"auto, (max-width: 731px) 100vw, 731px\" \/><figcaption class=\"wp-element-caption\"><a href=\"https:\/\/www.helloasso.com\/associations\/rotary-club-de-maisons-alfort-est-de-paris\/evenements\/soiree-jazz-pour-les-autistes-adolescents\" data-type=\"URL\" data-id=\"https:\/\/www.helloasso.com\/associations\/rotary-club-de-maisons-alfort-est-de-paris\/evenements\/soiree-jazz-pour-les-autistes-adolescents\" target=\"_blank\" rel=\"noreferrer noopener\">https:\/\/www.helloasso.com\/associations\/rotary-club-de-maisons-alfort-est-de-paris\/evenements\/soiree-jazz-pour-les-autistes-adolescents<\/a><\/figcaption><\/figure>\n","protected":false},"excerpt":{"rendered":"<p>Concert JAZZ<br \/>\ndont l&rsquo;int\u00e9gralit\u00e9 des b\u00e9n\u00e9fices de cette soir\u00e9e sera d\u00e9di\u00e9 \u00e0 l&rsquo;am\u00e9lioration des conditions de vie d&rsquo;autistes adolescents et de jeunes adultes autistes sur Maisons-Alfort.<\/p>\n","protected":false},"author":1,"featured_media":71,"comment_status":"closed","ping_status":"closed","sticky":false,"template":"","format":"standard","meta":{"footnotes":""},"categories":[5,6,1],"tags":[7,15,12,13,9,10,14],"class_list":["post-59","post","type-post","status-publish","format-standard","has-post-thumbnail","hentry","category-5","category-concert-jazz","category-concours","tag-7","tag-autistes","tag-concert-jazz","tag-concert-maisons-alfort","tag-rotary","tag-rotary-94","tag-rotary-international"],"_links":{"self":[{"href":"https:\/\/rotary-94.fr\/index.php\/wp-json\/wp\/v2\/posts\/59","targetHints":{"allow":["GET"]}}],"collection":[{"href":"https:\/\/rotary-94.fr\/index.php\/wp-json\/wp\/v2\/posts"}],"about":[{"href":"https:\/\/rotary-94.fr\/index.php\/wp-json\/wp\/v2\/types\/post"}],"author":[{"embeddable":true,"href":"https:\/\/rotary-94.fr\/index.php\/wp-json\/wp\/v2\/users\/1"}],"replies":[{"embeddable":true,"href":"https:\/\/rotary-94.fr\/index.php\/wp-json\/wp\/v2\/comments?post=59"}],"version-history":[{"count":13,"href":"https:\/\/rotary-94.fr\/index.php\/wp-json\/wp\/v2\/posts\/59\/revisions"}],"predecessor-version":[{"id":122,"href":"https:\/\/rotary-94.fr\/index.php\/wp-json\/wp\/v2\/posts\/59\/revisions\/122"}],"wp:featuredmedia":[{"embeddable":true,"href":"https:\/\/rotary-94.fr\/index.php\/wp-json\/wp\/v2\/media\/71"}],"wp:attachment":[{"href":"https:\/\/rotary-94.fr\/index.php\/wp-json\/wp\/v2\/media?parent=59"}],"wp:term":[{"taxonomy":"category","embeddable":true,"href":"https:\/\/rotary-94.fr\/index.php\/wp-json\/wp\/v2\/categories?post=59"},{"taxonomy":"post_tag","embeddable":true,"href":"https:\/\/rotary-94.fr\/index.php\/wp-json\/wp\/v2\/tags?post=59"}],"curies":[{"name":"wp","href":"https:\/\/api.w.org\/{rel}","templated":true}]}}