{"id":177,"date":"2025-02-03T17:05:56","date_gmt":"2025-02-03T16:05:56","guid":{"rendered":"https:\/\/rotary-94.fr\/?p=177"},"modified":"2026-01-28T10:25:47","modified_gmt":"2026-01-28T09:25:47","slug":"conference-dun-ancien-policier-delite-du-raid","status":"publish","type":"post","link":"https:\/\/rotary-94.fr\/index.php\/2025\/02\/03\/conference-dun-ancien-policier-delite-du-raid\/","title":{"rendered":"Conf\u00e9rence d&rsquo;un ancien policier d&rsquo;\u00e9lite du RAID"},"content":{"rendered":"\n<h2 class=\"wp-block-heading has-text-align-center\">Marc Verillotte ancien policier d&rsquo;\u00e9lite du RAID<\/h2>\n\n\n\n<p class=\"has-text-align-center has-large-font-size\"><mark style=\"background-color:rgba(0, 0, 0, 0)\" class=\"has-inline-color has-vivid-red-color\"><strong>Lundi 3 mars 2025 \u2013 19h<\/strong><\/mark><\/p>\n\n\n\n<p class=\"has-text-align-center\"><mark style=\"background-color:rgba(0, 0, 0, 0)\" class=\"has-inline-color has-luminous-vivid-orange-color\"><strong>Il vient nous pr\u00e9senter la vie de policier d\u2019\u00e9lite et comment conserver ses comp\u00e9tences sous pression<\/strong><\/mark><\/p>\n\n\n\n<p class=\"has-text-align-center\"><mark style=\"background-color:rgba(0, 0, 0, 0)\" class=\"has-inline-color has-black-color\"><strong>Il a \u00e9t\u00e9 bless\u00e9 par balles \u00e0 deux reprises, et a re\u00e7u la L\u00e9gion d\u2019Honneur pour faits d\u2019armes.<\/strong><\/mark><\/p>\n\n\n\n<p class=\"has-text-align-center\"><strong>Il <mark style=\"background-color:rgba(0, 0, 0, 0)\" class=\"has-inline-color has-black-color\">est est un ancien membre de l\u2019\u00e9quipe de France de Judo.<\/mark><\/strong><\/p>\n\n\n\n<p class=\"has-text-align-center\"><mark style=\"background-color:rgba(0, 0, 0, 0)\" class=\"has-inline-color has-black-color\"><strong>Apr\u00e8s avoir pass\u00e9 20 ans au c\u0153ur de la colonne d\u2019assaut du RAID et avoir particip\u00e9 aux derni\u00e8res interventions de l\u2019affaire Merah, de Hyper Cacher, du Bataclan, et de Saint-Denis\u2026<\/strong><\/mark><\/p>\n\n\n\n<p class=\"has-text-align-center\"><\/p>\n\n\n<div class=\"wp-block-image\">\n<figure class=\"aligncenter size-full\"><img loading=\"lazy\" decoding=\"async\" width=\"1240\" height=\"1754\" src=\"https:\/\/rotary-94.fr\/wp-content\/uploads\/2025\/02\/Affiche-conference-Marc-Verillotte-RAID-Rotary_Medium-1.jpg\" alt=\"\" class=\"wp-image-207\" srcset=\"https:\/\/rotary-94.fr\/wp-content\/uploads\/2025\/02\/Affiche-conference-Marc-Verillotte-RAID-Rotary_Medium-1.jpg 1240w, https:\/\/rotary-94.fr\/wp-content\/uploads\/2025\/02\/Affiche-conference-Marc-Verillotte-RAID-Rotary_Medium-1-212x300.jpg 212w, https:\/\/rotary-94.fr\/wp-content\/uploads\/2025\/02\/Affiche-conference-Marc-Verillotte-RAID-Rotary_Medium-1-724x1024.jpg 724w, https:\/\/rotary-94.fr\/wp-content\/uploads\/2025\/02\/Affiche-conference-Marc-Verillotte-RAID-Rotary_Medium-1-768x1086.jpg 768w, https:\/\/rotary-94.fr\/wp-content\/uploads\/2025\/02\/Affiche-conference-Marc-Verillotte-RAID-Rotary_Medium-1-1086x1536.jpg 1086w\" sizes=\"auto, (max-width: 1240px) 100vw, 1240px\" \/><\/figure>\n<\/div>\n\n\n<div class=\"wp-block-file has-white-background-color has-background\"><a id=\"wp-block-file--media-cabfe9e3-23a9-4aab-bd65-a874a5959eb3\" href=\"https:\/\/rotary-94.fr\/wp-content\/uploads\/2025\/02\/Affiche-conference-Marc-Verillotte-RAID-Rotary-1.pdf\" target=\"_blank\" rel=\"noreferrer noopener\">Affiche conference Marc Verillotte RAID &#8211; Rotary<\/a><a href=\"https:\/\/rotary-94.fr\/wp-content\/uploads\/2025\/02\/Affiche-conference-Marc-Verillotte-RAID-Rotary-1.pdf\" class=\"wp-block-file__button wp-element-button\" download aria-describedby=\"wp-block-file--media-cabfe9e3-23a9-4aab-bd65-a874a5959eb3\">T\u00e9l\u00e9charger<\/a><\/div>\n\n\n\n<p>R\u00e9servation obligatoire par mail a : <strong>resa\u00a0\u00bb@\u00a0\u00bbrotary-94.fr<\/strong> (supprimer les guillemets)<\/p>\n\n\n\n<blockquote class=\"wp-block-quote is-layout-flow wp-block-quote-is-layout-flow\">\n<p><\/p>\n<\/blockquote>\n\n\n\n<p><\/p>\n\n\n\n<p><\/p>\n","protected":false},"excerpt":{"rendered":"<p>Marc Verillotte ancien policier d&rsquo;\u00e9lite du RAID Lundi 3 mars 2025 \u2013 19h Il vient nous pr\u00e9senter la vie de policier d\u2019\u00e9lite et comment conserver ses comp\u00e9tences sous pression Il a \u00e9t\u00e9 bless\u00e9 par balles \u00e0 deux reprises, et a re\u00e7u la L\u00e9gion d\u2019Honneur pour faits d\u2019armes. Il est est un ancien membre de l\u2019\u00e9quipe [&hellip;]<\/p>\n","protected":false},"author":1,"featured_media":208,"comment_status":"closed","ping_status":"open","sticky":false,"template":"","format":"standard","meta":{"footnotes":""},"categories":[34,35],"tags":[36,38,37],"class_list":["post-177","post","type-post","status-publish","format-standard","has-post-thumbnail","hentry","category-34","category-conferences","tag-conference","tag-police","tag-raid"],"_links":{"self":[{"href":"https:\/\/rotary-94.fr\/index.php\/wp-json\/wp\/v2\/posts\/177","targetHints":{"allow":["GET"]}}],"collection":[{"href":"https:\/\/rotary-94.fr\/index.php\/wp-json\/wp\/v2\/posts"}],"about":[{"href":"https:\/\/rotary-94.fr\/index.php\/wp-json\/wp\/v2\/types\/post"}],"author":[{"embeddable":true,"href":"https:\/\/rotary-94.fr\/index.php\/wp-json\/wp\/v2\/users\/1"}],"replies":[{"embeddable":true,"href":"https:\/\/rotary-94.fr\/index.php\/wp-json\/wp\/v2\/comments?post=177"}],"version-history":[{"count":7,"href":"https:\/\/rotary-94.fr\/index.php\/wp-json\/wp\/v2\/posts\/177\/revisions"}],"predecessor-version":[{"id":215,"href":"https:\/\/rotary-94.fr\/index.php\/wp-json\/wp\/v2\/posts\/177\/revisions\/215"}],"wp:featuredmedia":[{"embeddable":true,"href":"https:\/\/rotary-94.fr\/index.php\/wp-json\/wp\/v2\/media\/208"}],"wp:attachment":[{"href":"https:\/\/rotary-94.fr\/index.php\/wp-json\/wp\/v2\/media?parent=177"}],"wp:term":[{"taxonomy":"category","embeddable":true,"href":"https:\/\/rotary-94.fr\/index.php\/wp-json\/wp\/v2\/categories?post=177"},{"taxonomy":"post_tag","embeddable":true,"href":"https:\/\/rotary-94.fr\/index.php\/wp-json\/wp\/v2\/tags?post=177"}],"curies":[{"name":"wp","href":"https:\/\/api.w.org\/{rel}","templated":true}]}}